{"id":262,"date":"2017-05-31T13:21:22","date_gmt":"2017-05-31T11:21:22","guid":{"rendered":"https:\/\/www.my-press.fr\/blog-my-press\/?p=262"},"modified":"2024-10-16T16:01:26","modified_gmt":"2024-10-16T14:01:26","slug":"le-cheque-numerique","status":"publish","type":"post","link":"https:\/\/www.my-press.fr\/blog-mathilde-vidallet\/le-cheque-numerique\/","title":{"rendered":"Le Ch\u00e8que Num\u00e9rique"},"content":{"rendered":"<p>[et_pb_section fb_built=&#8221;1&#8243; admin_label=&#8221;section&#8221; _builder_version=&#8221;3.0.51&#8243; global_module=&#8221;361&#8243; global_colors_info=&#8221;{}&#8221;][et_pb_row admin_label=&#8221;row&#8221; _builder_version=&#8221;4.16&#8243; background_size=&#8221;initial&#8221; background_position=&#8221;top_left&#8221; background_repeat=&#8221;repeat&#8221; global_colors_info=&#8221;{}&#8221;][et_pb_column type=&#8221;4_4&#8243; _builder_version=&#8221;4.16&#8243; custom_padding=&#8221;|||&#8221; global_colors_info=&#8221;{}&#8221; custom_padding__hover=&#8221;|||&#8221;][et_pb_image src=&#8221;https:\/\/www.my-press.fr\/blog-my-press\/wp-content\/uploads\/sites\/5\/2017\/05\/ipad_animated_mockup_v3.gif&#8221; align_tablet=&#8221;center&#8221; align_phone=&#8221;&#8221; align_last_edited=&#8221;on|desktop&#8221; _builder_version=&#8221;4.16&#8243; animation_style=&#8221;slide&#8221; animation_direction=&#8221;left&#8221; animation_duration=&#8221;500ms&#8221; animation_intensity_slide=&#8221;10%&#8221; sticky=&#8221;off&#8221; border_style=&#8221;solid&#8221; always_center_on_mobile=&#8221;on&#8221; global_colors_info=&#8221;{}&#8221;][\/et_pb_image][et_pb_text _builder_version=&#8221;4.18.1&#8243; background_size=&#8221;initial&#8221; background_position=&#8221;top_left&#8221; background_repeat=&#8221;repeat&#8221; hover_enabled=&#8221;0&#8243; use_border_color=&#8221;off&#8221; border_color=&#8221;#ffffff&#8221; border_style=&#8221;solid&#8221; global_colors_info=&#8221;{}&#8221; sticky_enabled=&#8221;0&#8243;]<\/p>\n<p>La CCI Bretagne propose &#8220;Une <strong>prise en charge financi\u00e8re<\/strong> de vos prestations pour un accompagnement par un <strong>expert du num\u00e9rique<\/strong> : r\u00e9flexion sur la cr\u00e9ation de sites, aide et appui au r\u00e9f\u00e9rencement.&#8221;<br \/>L&#8217;objectif est de d\u00e9velopper les entreprises commerciales en leur offrant une subvention du Conseil R\u00e9gional de 50 % du montant HT de la prestation, avec un plafond d\u2019aide maximale de 1000 \u20ac.<br \/>Le public concern\u00e9 doit avoir son si\u00e8ge social en Bretagne et doit \u00eatre \u00e9ligible selon les crit\u00e8res indiqu\u00e9s sur le site de la CCI Bretagne. Vous y trouverez aussi tous les documents (il n&#8217;y en a que deux) \u00e0 remplir pour faire votre demande. Attention la date de cl\u00f4ture de ce plan d&#8217;action est le 20\/11\/2017 !<\/p>\n<p><a href=\"http:\/\/www.bretagne.cci.fr\/developper-votre-entreprise\/developper-votre-chiffre-d-affaires\/votre-commerce-plus-performant\/cheque-numerique\">Cliquer ici pour retrouver toutes les infos sur le ch\u00e8que num\u00e9rique<\/a><\/p>\n<p>[\/et_pb_text][\/et_pb_column][\/et_pb_row][\/et_pb_section]<\/p>\n<span class=\"et_bloom_bottom_trigger\"><\/span>","protected":false},"excerpt":{"rendered":"<p>La CCI Bretagne propose &#8220;Une prise en charge financi\u00e8re de vos prestations pour un accompagnement par un expert du num\u00e9rique : r\u00e9flexion sur la cr\u00e9ation de sites, aide et appui au r\u00e9f\u00e9rencement.&#8221;L&#8217;objectif est de d\u00e9velopper les entreprises commerciales en leur offrant une subvention du Conseil R\u00e9gional de 50 % du montant HT de la prestation, [&hellip;]<\/p>\n","protected":false},"author":1,"featured_media":315,"comment_status":"open","ping_status":"open","sticky":false,"template":"","format":"standard","meta":{"_et_pb_use_builder":"on","_et_pb_old_content":"","_et_gb_content_width":"","footnotes":""},"categories":[6],"tags":[],"class_list":["post-262","post","type-post","status-publish","format-standard","has-post-thumbnail","hentry","category-idee"],"_links":{"self":[{"href":"https:\/\/www.my-press.fr\/blog-mathilde-vidallet\/wp-json\/wp\/v2\/posts\/262"}],"collection":[{"href":"https:\/\/www.my-press.fr\/blog-mathilde-vidallet\/wp-json\/wp\/v2\/posts"}],"about":[{"href":"https:\/\/www.my-press.fr\/blog-mathilde-vidallet\/wp-json\/wp\/v2\/types\/post"}],"author":[{"embeddable":true,"href":"https:\/\/www.my-press.fr\/blog-mathilde-vidallet\/wp-json\/wp\/v2\/users\/1"}],"replies":[{"embeddable":true,"href":"https:\/\/www.my-press.fr\/blog-mathilde-vidallet\/wp-json\/wp\/v2\/comments?post=262"}],"version-history":[{"count":7,"href":"https:\/\/www.my-press.fr\/blog-mathilde-vidallet\/wp-json\/wp\/v2\/posts\/262\/revisions"}],"predecessor-version":[{"id":525,"href":"https:\/\/www.my-press.fr\/blog-mathilde-vidallet\/wp-json\/wp\/v2\/posts\/262\/revisions\/525"}],"wp:featuredmedia":[{"embeddable":true,"href":"https:\/\/www.my-press.fr\/blog-mathilde-vidallet\/wp-json\/wp\/v2\/media\/315"}],"wp:attachment":[{"href":"https:\/\/www.my-press.fr\/blog-mathilde-vidallet\/wp-json\/wp\/v2\/media?parent=262"}],"wp:term":[{"taxonomy":"category","embeddable":true,"href":"https:\/\/www.my-press.fr\/blog-mathilde-vidallet\/wp-json\/wp\/v2\/categories?post=262"},{"taxonomy":"post_tag","embeddable":true,"href":"https:\/\/www.my-press.fr\/blog-mathilde-vidallet\/wp-json\/wp\/v2\/tags?post=262"}],"curies":[{"name":"wp","href":"https:\/\/api.w.org\/{rel}","templated":true}]}}