{"id":1,"date":"2016-04-20T09:37:37","date_gmt":"2016-04-20T07:37:37","guid":{"rendered":"https:\/\/www.my-press.fr\/blog-my-press\/?p=1"},"modified":"2017-07-15T16:22:28","modified_gmt":"2017-07-15T14:22:28","slug":"atameca","status":"publish","type":"post","link":"https:\/\/www.my-press.fr\/blog-mathilde-vidallet\/atameca\/","title":{"rendered":"A ta m\u00e9ca self garage premier beta testeur !"},"content":{"rendered":"<p>[et_pb_section bb_built=&#8221;1&#8243; admin_label=&#8221;Section&#8221; fullwidth=&#8221;off&#8221; specialty=&#8221;on&#8221; transparent_background=&#8221;off&#8221; allow_player_pause=&#8221;off&#8221; inner_shadow=&#8221;off&#8221; parallax=&#8221;off&#8221; parallax_method=&#8221;on&#8221; make_fullwidth=&#8221;off&#8221; use_custom_width=&#8221;off&#8221; width_unit=&#8221;on&#8221; make_equal=&#8221;off&#8221; use_custom_gutter=&#8221;off&#8221; parallax_1=&#8221;off&#8221; parallax_method_1=&#8221;off&#8221; parallax_2=&#8221;off&#8221; parallax_method_2=&#8221;off&#8221;][et_pb_column type=&#8221;3_4&#8243; specialty_columns=&#8221;3&#8243;][et_pb_row_inner admin_label=&#8221;Ligne&#8221; use_custom_gutter=&#8221;off&#8221; make_equal=&#8221;on&#8221; parallax_1=&#8221;off&#8221; parallax_method_1=&#8221;off&#8221;][et_pb_column_inner type=&#8221;4_4&#8243; saved_specialty_column_type=&#8221;3_4&#8243;][et_pb_image admin_label=&#8221;Image&#8221; src=&#8221;https:\/\/www.my-press.fr\/blog-my-press\/wp-content\/uploads\/sites\/5\/2017\/06\/atm.jpg&#8221; show_in_lightbox=&#8221;off&#8221; url_new_window=&#8221;off&#8221; use_overlay=&#8221;off&#8221; animation=&#8221;left&#8221; sticky=&#8221;off&#8221; align=&#8221;left&#8221; force_fullwidth=&#8221;off&#8221; always_center_on_mobile=&#8221;on&#8221; use_border_color=&#8221;off&#8221; border_color=&#8221;#ffffff&#8221; border_style=&#8221;solid&#8221; \/][et_pb_text admin_label=&#8221;Texte&#8221; background_layout=&#8221;light&#8221; text_orientation=&#8221;left&#8221; use_border_color=&#8221;off&#8221; border_color=&#8221;#ffffff&#8221; border_style=&#8221;solid&#8221;]<\/p>\n<p><em>A ta m\u00e9ca est un le premier self garage qui a \u00e9t\u00e9 cr\u00e9\u00e9 en\u00a02011\u00a0\u00e0 Saint-Malo, bien que le concept date des ann\u00e9es 80, David Qu\u00e9n\u00e9 a su le d\u00e9velopper en proposant le mat\u00e9riel et surtout l\u2019accompagnement au client. Aujourd\u2019hui il fait r\u00e9f\u00e9rence et est une adresse \u00e0 ne pas manquer.<\/em><\/p>\n<p>Avant de se lancer dans l\u2019aventure et de commencer la r\u00e9daction du business plan, il est souvent recommand\u00e9 de tester son projet de cr\u00e9ation.\u00a0En effet, rien ne garantissait que notre\u00a0service trouve sa client\u00e8le.\u00a0De plus, tester son id\u00e9e permet de limiter \u00ab\u00a0la casse\u00a0\u00bb, de corriger ses erreurs et de la d\u00e9velopper.<\/p>\n<p>Nous voici parti dans cette premi\u00e8re aventure, cr\u00e9er enti\u00e8rement un site vitrine pour un self-garage ! Ce n\u2019est pas une mince affaire quand votre beta-testeur fait buguer un ordinateur rien quand s\u2019en approchant, mais pas d\u2019inqui\u00e9tude car le principal atout de nos services \u00e9tant que n\u2019importe quel client puisse interagir avec son site et le faire \u00e9voluer sans \u00ab\u00a0s\u2019arracher les cheveux\u00a0\u00bb et surtout sans faire appel \u00e0 chaque changement ou ajout de texte ou de photo \u00e0 son webmaster.\u00a0Si vos premiers clients ne sont pas contents, votre entreprise aura des difficult\u00e9s \u00e0 d\u00e9marrer.\u00a0Pour \u00eatre s\u00fbr que cela fonctionne, pensez la mani\u00e8re dont pourraient l\u2019utiliser vos parents, vos enfants\u2026<\/p>\n<p>Cette aventure a \u00e9t\u00e9 passionnante, il faut \u00eatre \u00e0 l\u2019\u00e9coute du client, de ses attentes mais aussi savoir le conseiller. Cr\u00e9er un site web est avant tout une rencontre et un partage. La collaboration et l\u2019investissement de chacun est primordial pour un r\u00e9sultat optimal.<\/p>\n<p>Merci \u00e0 David Qu\u00e9n\u00e9,\u00a0<a href=\"http:\/\/www.atameca-selfgarage.fr\/\" target=\"_blank\" rel=\"noopener\"><span style=\"color: #47c9e5;\">A Ta M\u00e9ca Self-garage<\/span><\/a>\u00a0pour sa confiance.<\/p>\n<p>[\/et_pb_text][\/et_pb_column_inner][\/et_pb_row_inner][\/et_pb_column][et_pb_column type=&#8221;1_4&#8243;][et_pb_sidebar admin_label=&#8221;Barre lat\u00e9rale&#8221; orientation=&#8221;right&#8221; area=&#8221;sidebar-1&#8243; background_layout=&#8221;light&#8221; remove_border=&#8221;off&#8221; header_font=&#8221;Arimo|on|||&#8221; \/][\/et_pb_column][\/et_pb_section]<\/p>\n<span class=\"et_bloom_bottom_trigger\"><\/span>","protected":false},"excerpt":{"rendered":"<p>A ta m\u00e9ca est un le premier self garage qui a \u00e9t\u00e9 cr\u00e9\u00e9 en\u00a02011\u00a0\u00e0 Saint-Malo, bien que le concept date des ann\u00e9es 80, David Qu\u00e9n\u00e9 a su le d\u00e9velopper en proposant le mat\u00e9riel et surtout l\u2019accompagnement au client. Aujourd\u2019hui il fait r\u00e9f\u00e9rence et est une adresse \u00e0 ne pas manquer. Avant de se lancer dans [&hellip;]<\/p>\n","protected":false},"author":1,"featured_media":157,"comment_status":"open","ping_status":"open","sticky":false,"template":"","format":"standard","meta":{"_et_pb_use_builder":"on","_et_pb_old_content":"<p><em>A ta m\u00e9ca est un le premier self garage qui a \u00e9t\u00e9 cr\u00e9\u00e9 en\u00a02011\u00a0\u00e0 Saint-Malo, bien que le concept date des ann\u00e9es 80, David Qu\u00e9n\u00e9 a su le d\u00e9velopper en proposant le mat\u00e9riel et surtout l\u2019accompagnement au client. Aujourd\u2019hui il fait r\u00e9f\u00e9rence et est une adresse \u00e0 ne pas manquer.<\/em><\/p><p>Avant de se lancer dans l\u2019aventure et de commencer la r\u00e9daction du business plan, il est souvent recommand\u00e9 de tester son projet de cr\u00e9ation.\u00a0En effet, rien ne garantissait que notre\u00a0service trouve sa client\u00e8le.\u00a0De plus, tester son id\u00e9e permet de limiter \u00ab\u00a0la casse\u00a0\u00bb, de corriger ses erreurs et de la d\u00e9velopper.<\/p><p>Nous voici parti dans cette premi\u00e8re aventure, cr\u00e9er enti\u00e8rement un site vitrine pour un self-garage ! Ce n\u2019est pas une mince affaire quand votre beta-testeur fait buguer un ordinateur rien quand s\u2019en approchant, mais pas d\u2019inqui\u00e9tude car le principal atout de nos services \u00e9tant que n\u2019importe quel client puisse interagir avec son site et le faire \u00e9voluer sans \u00ab\u00a0s\u2019arracher les cheveux\u00a0\u00bb et surtout sans faire appel \u00e0 chaque changement ou ajout de texte ou de photo \u00e0 son webmaster.\u00a0Si vos premiers clients ne sont pas contents, votre entreprise aura des difficult\u00e9s \u00e0 d\u00e9marrer.\u00a0Pour \u00eatre s\u00fbr que cela fonctionne, pensez la mani\u00e8re dont pourraient l\u2019utiliser vos parents, vos enfants\u2026<\/p><p>Cette aventure a \u00e9t\u00e9 passionnante, il faut \u00eatre \u00e0 l\u2019\u00e9coute du client, de ses attentes mais aussi savoir le conseiller. Cr\u00e9er un site web est avant tout une rencontre et un partage. La collaboration et l\u2019investissement de chacun est primordial pour un r\u00e9sultat optimal.<\/p><p>Merci \u00e0 David Qu\u00e9n\u00e9,\u00a0<a href=\"http:\/\/www.atameca-selfgarage.fr\/\" target=\"_blank\" rel=\"noopener\"><span style=\"color: #47c9e5;\">A Ta M\u00e9ca Self-garage<\/span><\/a>\u00a0pour sa confiance.<\/p>","_et_gb_content_width":"","footnotes":""},"categories":[25],"tags":[8,7,9],"class_list":["post-1","post","type-post","status-publish","format-standard","has-post-thumbnail","hentry","category-relisations","tag-beta-testeur","tag-self-garage","tag-site-internet"],"_links":{"self":[{"href":"https:\/\/www.my-press.fr\/blog-mathilde-vidallet\/wp-json\/wp\/v2\/posts\/1"}],"collection":[{"href":"https:\/\/www.my-press.fr\/blog-mathilde-vidallet\/wp-json\/wp\/v2\/posts"}],"about":[{"href":"https:\/\/www.my-press.fr\/blog-mathilde-vidallet\/wp-json\/wp\/v2\/types\/post"}],"author":[{"embeddable":true,"href":"https:\/\/www.my-press.fr\/blog-mathilde-vidallet\/wp-json\/wp\/v2\/users\/1"}],"replies":[{"embeddable":true,"href":"https:\/\/www.my-press.fr\/blog-mathilde-vidallet\/wp-json\/wp\/v2\/comments?post=1"}],"version-history":[{"count":13,"href":"https:\/\/www.my-press.fr\/blog-mathilde-vidallet\/wp-json\/wp\/v2\/posts\/1\/revisions"}],"predecessor-version":[{"id":272,"href":"https:\/\/www.my-press.fr\/blog-mathilde-vidallet\/wp-json\/wp\/v2\/posts\/1\/revisions\/272"}],"wp:featuredmedia":[{"embeddable":true,"href":"https:\/\/www.my-press.fr\/blog-mathilde-vidallet\/wp-json\/wp\/v2\/media\/157"}],"wp:attachment":[{"href":"https:\/\/www.my-press.fr\/blog-mathilde-vidallet\/wp-json\/wp\/v2\/media?parent=1"}],"wp:term":[{"taxonomy":"category","embeddable":true,"href":"https:\/\/www.my-press.fr\/blog-mathilde-vidallet\/wp-json\/wp\/v2\/categories?post=1"},{"taxonomy":"post_tag","embeddable":true,"href":"https:\/\/www.my-press.fr\/blog-mathilde-vidallet\/wp-json\/wp\/v2\/tags?post=1"}],"curies":[{"name":"wp","href":"https:\/\/api.w.org\/{rel}","templated":true}]}}